{"id":2479,"date":"2011-09-11T13:22:04","date_gmt":"2011-09-11T11:22:04","guid":{"rendered":"http:\/\/www.altstadt-theater.de\/wordpress\/?p=2479"},"modified":"2011-09-18T13:26:00","modified_gmt":"2011-09-18T11:26:00","slug":"6-wolfenbutteler-kulturnacht","status":"publish","type":"post","link":"http:\/\/www.altstadt-theater.de\/wordpress\/2011\/09\/11\/6-wolfenbutteler-kulturnacht\/","title":{"rendered":"6. Wolfenb\u00fctteler Kulturnacht"},"content":{"rendered":"<p align=\"justify\">Nachtschw\u00e4rmer, Kulturfreunde und Unternehmenslustige kommen am 17. September 2011 voll auf ihre Kosten. In der langen Nacht der Kultur zeigen die Wolfenb\u00fctteler an \u00fcber 40 Orten was sie kulturell alles zu bieten haben.<\/p>\n<p align=\"justify\">Ob Chormusik, Musicalmelodien, Comedy, Kammer-, Kirchenmusik und nat\u00fcrlich vieles mehr &#8211; f\u00fcr jeden Geschmack ist etwas dabei.<\/p>\n<p align=\"justify\">Eine Auftaktveranstaltung ist um 17.00 Uhr auf dem Schlossplatz geplant. Damit der Besucher sich noch besser orientieren kann, sind auch zur diesj\u00e4hrigen Kulturnacht die Veranstaltungsorte mit Fahnen &#8211; auf denen das Kulturnacht Logo abgedruckt ist &#8211; gekennzeichnet.<\/p>\n<p align=\"justify\"><a><img loading=\"lazy\" decoding=\"async\" class=\"size-medium wp-image-2480 aligncenter\" title=\"kulturnacht\" src=\"http:\/\/www.altstadt-theater.de\/wordpress\/wp-content\/uploads\/2011\/09\/kulturnacht-300x51.jpg\" alt=\"\" width=\"300\" height=\"51\" \/><\/a><\/p>\n<p align=\"justify\">Das umfangreiche Programmheft ist in der Tourist-Information und in den teilnehmenden Veranstaltungsorten erh\u00e4ltlich und steht auch im Internet unter <a href=\"http:\/\/www.city-wolfenbuettel.de\/\">www.city-wolfenbuettel.de<\/a> als Download zur Verf\u00fcgung. Hier kann man sich auch das Programm sortiert nach Uhrzeiten herunterladen.<\/p>\n<p>Wir f\u00fchren ein 30-min\u00fctiges St\u00fcck auf. <strong>Der Kronzeuge<\/strong> ist zu um 19:30 Uhr und 23:30 im Foyer des CineStar.<\/p>\n","protected":false},"excerpt":{"rendered":"<p>Nachtschw\u00e4rmer, Kulturfreunde und Unternehmenslustige kommen am 17. September 2011 voll auf ihre Kosten. In der langen Nacht der Kultur zeigen die Wolfenb\u00fctteler an \u00fcber 40 Orten was sie kulturell alles zu bieten haben. Ob Chormusik, Musicalmelodien, Comedy, Kammer-, Kirchenmusik und nat\u00fcrlich vieles mehr &#8211; f\u00fcr jeden Geschmack ist etwas dabei. Eine Auftaktveranstaltung ist um 17.00 &hellip; <\/p>\n<p class=\"link-more\"><a href=\"http:\/\/www.altstadt-theater.de\/wordpress\/2011\/09\/11\/6-wolfenbutteler-kulturnacht\/\" class=\"more-link\"><span class=\"screen-reader-text\">\u201e6. Wolfenb\u00fctteler Kulturnacht\u201c <\/span>weiterlesen<\/a><\/p>\n","protected":false},"author":1,"featured_media":0,"comment_status":"open","ping_status":"open","sticky":false,"template":"","format":"standard","meta":{"_crdt_document":"","footnotes":""},"categories":[23,1,46,55,17],"tags":[78,57],"class_list":["post-2479","post","type-post","status-publish","format-standard","hentry","category-aktivitaten","category-allgemein","category-saison-2011","category-saison-2012","category-termine","tag-aktivitaten","tag-kulturnacht"],"_links":{"self":[{"href":"http:\/\/www.altstadt-theater.de\/wordpress\/wp-json\/wp\/v2\/posts\/2479","targetHints":{"allow":["GET"]}}],"collection":[{"href":"http:\/\/www.altstadt-theater.de\/wordpress\/wp-json\/wp\/v2\/posts"}],"about":[{"href":"http:\/\/www.altstadt-theater.de\/wordpress\/wp-json\/wp\/v2\/types\/post"}],"author":[{"embeddable":true,"href":"http:\/\/www.altstadt-theater.de\/wordpress\/wp-json\/wp\/v2\/users\/1"}],"replies":[{"embeddable":true,"href":"http:\/\/www.altstadt-theater.de\/wordpress\/wp-json\/wp\/v2\/comments?post=2479"}],"version-history":[{"count":2,"href":"http:\/\/www.altstadt-theater.de\/wordpress\/wp-json\/wp\/v2\/posts\/2479\/revisions"}],"predecessor-version":[{"id":2482,"href":"http:\/\/www.altstadt-theater.de\/wordpress\/wp-json\/wp\/v2\/posts\/2479\/revisions\/2482"}],"wp:attachment":[{"href":"http:\/\/www.altstadt-theater.de\/wordpress\/wp-json\/wp\/v2\/media?parent=2479"}],"wp:term":[{"taxonomy":"category","embeddable":true,"href":"http:\/\/www.altstadt-theater.de\/wordpress\/wp-json\/wp\/v2\/categories?post=2479"},{"taxonomy":"post_tag","embeddable":true,"href":"http:\/\/www.altstadt-theater.de\/wordpress\/wp-json\/wp\/v2\/tags?post=2479"}],"curies":[{"name":"wp","href":"https:\/\/api.w.org\/{rel}","templated":true}]}}