{"id":1584,"date":"2009-02-22T19:47:07","date_gmt":"2009-02-22T17:47:07","guid":{"rendered":"http:\/\/www.altstadt-theater.de\/wordpress\/2009\/02\/22\/schaufenster-wolfenbttel-22022009\/"},"modified":"2009-02-25T18:14:31","modified_gmt":"2009-02-25T16:14:31","slug":"schaufenster-wolfenbttel-22022009","status":"publish","type":"post","link":"http:\/\/www.altstadt-theater.de\/wordpress\/2009\/02\/22\/schaufenster-wolfenbttel-22022009\/","title":{"rendered":"Schaufenster Wolfenb\u00fcttel \u2013 22.02.2009"},"content":{"rendered":"<blockquote>\n<p style=\"text-align: justify;\">Im Artikel hat sich der Fehlerteufel eingeschlichen. Beim Termin f\u00fcr die Generalprobe muss es Mittwoch, <strong>04.<\/strong> M\u00e4rz hei\u00dfen.<\/p>\n<\/blockquote>\n<p><a href=\"http:\/\/www.altstadt-theater.de\/wordpress\/wp-content\/uploads\/2009\/02\/schaufenster-und-oben-220209.jpg\" rel=\"lightbox[1584]\"><img loading=\"lazy\" decoding=\"async\" style=\"border-right: 0px; border-top: 0px; display: inline; border-left: 0px; border-bottom: 0px\" title=\"Schaufenster_und_oben_220209\" src=\"http:\/\/www.altstadt-theater.de\/wordpress\/wp-content\/uploads\/2009\/02\/schaufenster-und-oben-220209-thumb.jpg\" border=\"0\" alt=\"Schaufenster_und_oben_220209\" width=\"304\" height=\"348\" \/><\/a><\/p>\n","protected":false},"excerpt":{"rendered":"<p>Im Artikel hat sich der Fehlerteufel eingeschlichen. Beim Termin f\u00fcr die Generalprobe muss es Mittwoch, 04. M\u00e4rz hei\u00dfen.<\/p>\n","protected":false},"author":1,"featured_media":0,"comment_status":"open","ping_status":"open","sticky":false,"template":"","format":"standard","meta":{"_crdt_document":"","footnotes":""},"categories":[1,7,3],"tags":[11,13,5],"class_list":["post-1584","post","type-post","status-publish","format-standard","hentry","category-allgemein","category-saison-2009","category-wir-in-der-presse","tag-presse","tag-schaufenster-wolfenbuttel","tag-und-oben-wohnen-engel"],"_links":{"self":[{"href":"http:\/\/www.altstadt-theater.de\/wordpress\/wp-json\/wp\/v2\/posts\/1584","targetHints":{"allow":["GET"]}}],"collection":[{"href":"http:\/\/www.altstadt-theater.de\/wordpress\/wp-json\/wp\/v2\/posts"}],"about":[{"href":"http:\/\/www.altstadt-theater.de\/wordpress\/wp-json\/wp\/v2\/types\/post"}],"author":[{"embeddable":true,"href":"http:\/\/www.altstadt-theater.de\/wordpress\/wp-json\/wp\/v2\/users\/1"}],"replies":[{"embeddable":true,"href":"http:\/\/www.altstadt-theater.de\/wordpress\/wp-json\/wp\/v2\/comments?post=1584"}],"version-history":[{"count":5,"href":"http:\/\/www.altstadt-theater.de\/wordpress\/wp-json\/wp\/v2\/posts\/1584\/revisions"}],"predecessor-version":[{"id":1585,"href":"http:\/\/www.altstadt-theater.de\/wordpress\/wp-json\/wp\/v2\/posts\/1584\/revisions\/1585"}],"wp:attachment":[{"href":"http:\/\/www.altstadt-theater.de\/wordpress\/wp-json\/wp\/v2\/media?parent=1584"}],"wp:term":[{"taxonomy":"category","embeddable":true,"href":"http:\/\/www.altstadt-theater.de\/wordpress\/wp-json\/wp\/v2\/categories?post=1584"},{"taxonomy":"post_tag","embeddable":true,"href":"http:\/\/www.altstadt-theater.de\/wordpress\/wp-json\/wp\/v2\/tags?post=1584"}],"curies":[{"name":"wp","href":"https:\/\/api.w.org\/{rel}","templated":true}]}}